{"id":2419,"date":"2025-05-26T13:29:49","date_gmt":"2025-05-26T12:29:49","guid":{"rendered":"https:\/\/podokreggorlice.pl\/?p=2419"},"modified":"2025-05-26T13:29:49","modified_gmt":"2025-05-26T12:29:49","slug":"informacje-od-zarzadu-ppn-gorlice","status":"publish","type":"post","link":"https:\/\/podokreggorlice.pl\/index.php\/2025\/05\/26\/informacje-od-zarzadu-ppn-gorlice\/","title":{"rendered":"Informacj\u0119 od Zarz\u0105du PPN Gorlice"},"content":{"rendered":"\n<div data-wp-interactive=\"core\/file\" class=\"wp-block-file\"><object data-wp-bind--hidden=\"!state.hasPdfPreview\" hidden class=\"wp-block-file__embed\" data=\"https:\/\/podokreggorlice.pl\/wp-content\/uploads\/2025\/05\/1.-Informacja-o-podjetych-dzialaniach-Zarzadu-PPN-Gorlice.pdf\" type=\"application\/pdf\" style=\"width:100%;height:600px\" aria-label=\"Osadzone z 1. Informacja o podj\u0119tych dzia\u0142aniach Zarz\u0105du PPN Gorlice.\"><\/object><a id=\"wp-block-file--media-3c9794f6-be53-48ab-8f6b-ead3ff304de9\" href=\"https:\/\/podokreggorlice.pl\/wp-content\/uploads\/2025\/05\/1.-Informacja-o-podjetych-dzialaniach-Zarzadu-PPN-Gorlice.pdf\">1. Informacja o podj\u0119tych dzia\u0142aniach Zarz\u0105du PPN Gorlice<\/a><a href=\"https:\/\/podokreggorlice.pl\/wp-content\/uploads\/2025\/05\/1.-Informacja-o-podjetych-dzialaniach-Zarzadu-PPN-Gorlice.pdf\" class=\"wp-block-file__button wp-element-button\" download aria-describedby=\"wp-block-file--media-3c9794f6-be53-48ab-8f6b-ead3ff304de9\">Pobierz<\/a><\/div>\n","protected":false},"excerpt":{"rendered":"","protected":false},"author":12,"featured_media":2421,"comment_status":"open","ping_status":"open","sticky":false,"template":"","format":"standard","meta":{"footnotes":""},"categories":[17],"tags":[],"class_list":["post-2419","post","type-post","status-publish","format-standard","has-post-thumbnail","hentry","category-aktualnosci"],"_links":{"self":[{"href":"https:\/\/podokreggorlice.pl\/index.php\/wp-json\/wp\/v2\/posts\/2419","targetHints":{"allow":["GET"]}}],"collection":[{"href":"https:\/\/podokreggorlice.pl\/index.php\/wp-json\/wp\/v2\/posts"}],"about":[{"href":"https:\/\/podokreggorlice.pl\/index.php\/wp-json\/wp\/v2\/types\/post"}],"author":[{"embeddable":true,"href":"https:\/\/podokreggorlice.pl\/index.php\/wp-json\/wp\/v2\/users\/12"}],"replies":[{"embeddable":true,"href":"https:\/\/podokreggorlice.pl\/index.php\/wp-json\/wp\/v2\/comments?post=2419"}],"version-history":[{"count":1,"href":"https:\/\/podokreggorlice.pl\/index.php\/wp-json\/wp\/v2\/posts\/2419\/revisions"}],"predecessor-version":[{"id":2422,"href":"https:\/\/podokreggorlice.pl\/index.php\/wp-json\/wp\/v2\/posts\/2419\/revisions\/2422"}],"wp:featuredmedia":[{"embeddable":true,"href":"https:\/\/podokreggorlice.pl\/index.php\/wp-json\/wp\/v2\/media\/2421"}],"wp:attachment":[{"href":"https:\/\/podokreggorlice.pl\/index.php\/wp-json\/wp\/v2\/media?parent=2419"}],"wp:term":[{"taxonomy":"category","embeddable":true,"href":"https:\/\/podokreggorlice.pl\/index.php\/wp-json\/wp\/v2\/categories?post=2419"},{"taxonomy":"post_tag","embeddable":true,"href":"https:\/\/podokreggorlice.pl\/index.php\/wp-json\/wp\/v2\/tags?post=2419"}],"curies":[{"name":"wp","href":"https:\/\/api.w.org\/{rel}","templated":true}]}}