{"id":2358,"date":"2025-03-17T21:00:36","date_gmt":"2025-03-17T20:00:36","guid":{"rendered":"https:\/\/podokreggorlice.pl\/?p=2358"},"modified":"2025-03-17T21:00:36","modified_gmt":"2025-03-17T20:00:36","slug":"waldemar-pyznar-prezesem-ppn-gorlice","status":"publish","type":"post","link":"https:\/\/podokreggorlice.pl\/index.php\/2025\/03\/17\/waldemar-pyznar-prezesem-ppn-gorlice\/","title":{"rendered":"Waldemar Pyznar prezesem PPN Gorlice"},"content":{"rendered":"\n<figure class=\"wp-block-image size-full\"><img loading=\"lazy\" decoding=\"async\" width=\"417\" height=\"754\" src=\"https:\/\/podokreggorlice.pl\/wp-content\/uploads\/2025\/03\/walp5-1.jpg\" alt=\"\" class=\"wp-image-2360\" srcset=\"https:\/\/podokreggorlice.pl\/wp-content\/uploads\/2025\/03\/walp5-1.jpg 417w, https:\/\/podokreggorlice.pl\/wp-content\/uploads\/2025\/03\/walp5-1-166x300.jpg 166w\" sizes=\"auto, (max-width: 417px) 100vw, 417px\" \/><\/figure>\n\n\n\n<p>14 marca 2025 roku odby\u0142o si\u0119 Zebranie Sprawozdawczo-Wyborcze Ma\u0142opolskiego Zwi\u0105zki Pi\u0142ki No\u017cnej \u2013 Podokr\u0119g Pi\u0142ki No\u017cnej w Gorlicach.<\/p>\n\n\n\n<p>Po rozpocz\u0119ciu zebrania wiceprezes Ma\u0142opolskiego Zwi\u0105zku Pi\u0142ki No\u017cnej Pan Jerzy Nagawiecki wr\u0119czy\u0142 odznaki za dzia\u0142alno\u015bci na rzecz rozwoju pi\u0142ki no\u017cnej:<\/p>\n\n\n\n<p>Br\u0105zow\u0105 Honorow\u0105 Odznak\u0119 MZPN otrzymali:<\/p>\n\n\n\n<p>Arkadiusz Serafin, Micha\u0142 B\u0105k, Andrzej Cetnarowski, Marek Licho\u0144, Rafa\u0142 \u0141a\u017ce\u0144ski, Arkadiusz \u0141\u0105tka, Pawe\u0142 Szarowicz, Adam Ochwat, Piotr St\u0119pkowicz.<\/p>\n\n\n\n<p>Srebrn\u0105 Honorow\u0105 Odznak\u0119 MZPN otrzymali:<\/p>\n\n\n\n<p>Bogdan Zieli\u0144ski, Pawe\u0142 Rz\u0105ca, Zenon Struga\u0142a, Pawe\u0142 Nikiel.<\/p>\n\n\n\n<p>Z\u0142ot\u0105 Honorow\u0105 Odznak\u0119 MZPN otrzyma\u0142:<\/p>\n\n\n\n<p>Maciej Starczy\u0144ski.<\/p>\n\n\n\n<p>Komisja odznacze\u0144 przy Ma\u0142opolskim Zwi\u0105zku Pi\u0142ki No\u017cnej przyzna\u0142a odznak\u0119 Zas\u0142u\u017conego Dzia\u0142acza MZPN dla Waldemara Pyznara.<\/p>\n\n\n\n<p>Nast\u0119pnie Pe\u0142ni\u0105cy obowi\u0105zki Prezesa Podokr\u0119gu Pi\u0142ki No\u017cnej Waldemar Pyznar uhonorowa\u0142 za dzia\u0142alno\u015b\u0107 na rzecz &nbsp;rozwoju pi\u0142ki no\u017cnej nast\u0119puj\u0105ce osoby:<\/p>\n\n\n\n<p>Br\u0105zow\u0105 Honorow\u0105 Odznak\u0119 PPN Gorlice otrzymali:<\/p>\n\n\n\n<p>Jacek Piecuch, Piotr Firlit, Andrzej Sagan, Kazimierz Szura, Roman Korba, Marek Dziadzio, Andrzej Cetnarowski, S\u0142awomir Czy\u017cykiewicz, Waldemar Pyznar<\/p>\n\n\n\n<p>Honorow\u0105 Odznak\u0119 PPN Gorlice otrzymali:<\/p>\n\n\n\n<p>Konrad Szurek, \u0141ukasz Brzezie\u0144ski, Micha\u0142 Chudzik, Jerzy Dziedziak<\/p>\n\n\n\n<p>Po odznaczeniach zgodne z porz\u0105dkiem zosta\u0142 wybrany przewodnicz\u0105cy zebrania Pan Pawe\u0142 Nikiel.<\/p>\n\n\n\n<p>Nast\u0119pnie Waldemar Pyznar przedstawi\u0142 sprawozdanie z dzia\u0142alno\u015bci Podokr\u0119gu Pi\u0142ki No\u017cnej<br>w Gorlicach za okres kadencji Zarz\u0105du podokr\u0119gu, gdzie przyj\u0119to go jednog\u0142o\u015bnie przez wszystkich delegat\u00f3w.<\/p>\n\n\n\n<p>Po wyborze komisji skrutacyjnej dosz\u0142o do wyboru Prezesa Zarz\u0105du Podokr\u0119gu Pi\u0142ki No\u017cnej<br>w Gorlicach. Delegaci zgodnie stwierdzili \u017ce g\u0142osowanie b\u0119dzie jawne i tak zaufanie obdarzony zosta\u0142 Waldemar Pyznar, kt\u00f3ry b\u0119dzie przewodniczy\u0142 pracami Zarz\u0105du PPN Gorlce. Do wsp\u00f3\u0142pracy w pracach Zarz\u0105du PPN Gorlice nowo wybrany prezes zaproponowa\u0142: Pana Paw\u0142a Nikla, Pana Miros\u0142awa Bilskiego, Pana Paw\u0142a Rewaka, Pana Przemys\u0142awa Przyby\u0142owicza, Pana Adama Niedziel\u0119 oraz Pana Zenona Struga\u0142\u0119. Delegaci zaakceptowali zarz\u0105d w g\u0142osowaniu jawnym. Zostali r\u00f3wnie\u017c wybrani delegaci na zebranie sprawozdawczo \u2013 wyborcze w Ma\u0142opolskim Zwi\u0105zku Pi\u0142ki No\u017cnej. PPN Gorlice w tym zebraniu reprezentowa\u0107 b\u0119d\u0105: Waldemar Pyznar, Pawe\u0142 Nikiel, Miros\u0142aw Bilski.<\/p>\n","protected":false},"excerpt":{"rendered":"<p>14 marca 2025 roku odby\u0142o si\u0119 Zebranie Sprawozdawczo-Wyborcze Ma\u0142opolskiego Zwi\u0105zki Pi\u0142ki No\u017cnej \u2013 Podokr\u0119g Pi\u0142ki No\u017cnej w Gorlicach. Po rozpocz\u0119ciu zebrania wiceprezes Ma\u0142opolskiego Zwi\u0105zku Pi\u0142ki No\u017cnej Pan Jerzy Nagawiecki wr\u0119czy\u0142 odznaki za dzia\u0142alno\u015bci na rzecz rozwoju pi\u0142ki no\u017cnej: Br\u0105zow\u0105 Honorow\u0105 Odznak\u0119 MZPN otrzymali: Arkadiusz Serafin, Micha\u0142 B\u0105k, Andrzej Cetnarowski, Marek Licho\u0144, Rafa\u0142 \u0141a\u017ce\u0144ski, Arkadiusz \u0141\u0105tka, &hellip; <\/p>\n<p class=\"link-more\"><a href=\"https:\/\/podokreggorlice.pl\/index.php\/2025\/03\/17\/waldemar-pyznar-prezesem-ppn-gorlice\/\" class=\"more-link\">Read More<span class=\"screen-reader-text\"> &#8222;Waldemar Pyznar prezesem PPN Gorlice&#8221;<\/span><\/a><\/p>\n","protected":false},"author":12,"featured_media":2359,"comment_status":"open","ping_status":"open","sticky":false,"template":"","format":"standard","meta":{"footnotes":""},"categories":[17],"tags":[],"class_list":["post-2358","post","type-post","status-publish","format-standard","has-post-thumbnail","hentry","category-aktualnosci"],"_links":{"self":[{"href":"https:\/\/podokreggorlice.pl\/index.php\/wp-json\/wp\/v2\/posts\/2358","targetHints":{"allow":["GET"]}}],"collection":[{"href":"https:\/\/podokreggorlice.pl\/index.php\/wp-json\/wp\/v2\/posts"}],"about":[{"href":"https:\/\/podokreggorlice.pl\/index.php\/wp-json\/wp\/v2\/types\/post"}],"author":[{"embeddable":true,"href":"https:\/\/podokreggorlice.pl\/index.php\/wp-json\/wp\/v2\/users\/12"}],"replies":[{"embeddable":true,"href":"https:\/\/podokreggorlice.pl\/index.php\/wp-json\/wp\/v2\/comments?post=2358"}],"version-history":[{"count":1,"href":"https:\/\/podokreggorlice.pl\/index.php\/wp-json\/wp\/v2\/posts\/2358\/revisions"}],"predecessor-version":[{"id":2361,"href":"https:\/\/podokreggorlice.pl\/index.php\/wp-json\/wp\/v2\/posts\/2358\/revisions\/2361"}],"wp:featuredmedia":[{"embeddable":true,"href":"https:\/\/podokreggorlice.pl\/index.php\/wp-json\/wp\/v2\/media\/2359"}],"wp:attachment":[{"href":"https:\/\/podokreggorlice.pl\/index.php\/wp-json\/wp\/v2\/media?parent=2358"}],"wp:term":[{"taxonomy":"category","embeddable":true,"href":"https:\/\/podokreggorlice.pl\/index.php\/wp-json\/wp\/v2\/categories?post=2358"},{"taxonomy":"post_tag","embeddable":true,"href":"https:\/\/podokreggorlice.pl\/index.php\/wp-json\/wp\/v2\/tags?post=2358"}],"curies":[{"name":"wp","href":"https:\/\/api.w.org\/{rel}","templated":true}]}}