{"id":2336,"date":"2025-02-10T20:18:43","date_gmt":"2025-02-10T19:18:43","guid":{"rendered":"https:\/\/podokreggorlice.pl\/?p=2336"},"modified":"2025-02-10T20:50:42","modified_gmt":"2025-02-10T19:50:42","slug":"xvi-mistrzostwa-pilki-halowej-ppn-gorlice-dla-lks-kobylanka","status":"publish","type":"post","link":"https:\/\/podokreggorlice.pl\/index.php\/2025\/02\/10\/xvi-mistrzostwa-pilki-halowej-ppn-gorlice-dla-lks-kobylanka\/","title":{"rendered":"XVI mistrzostwa pi\u0142ki halowej PPN Gorlice dla LKS Kobylanka"},"content":{"rendered":"\n<p>Do sporej niespodzianki dosz\u0142o w turnieju halowej pi\u0142ki no\u017cnej organizowanej przez Ma\u0142opolski Zwi\u0105zek Pi\u0142ki No\u017cnej &#8211; Podokr\u0119g Gorlice.<\/p>\n\n\n\n<p>W niedziele 9 lutego 2025 roku do turnieju zg\u0142osi\u0142o si\u0119 10 klub\u00f3w. Ju\u017c w fazie grupowej po pierwszych meczach obro\u0144ca tytu\u0142u LKS U\u015bcie Gorlickie nie wykazuje poziomu sportowego z ubieg\u0142ych dw\u00f3ch lat gdy triumfowa\u0142 i nie udaje si\u0119 awansowa\u0107 do p\u00f3\u0142fina\u0142u. Z grupy A awans uzyskuj\u0105 dru\u017cyny LKS &#8222;Ogie\u0144&#8221; S\u0119kowa oraz LKS Zag\u00f3rzany. <\/p>\n\n\n\n<p>W grupie B losy awansu do mecz\u00f3w p\u00f3\u0142fina\u0142owych wa\u017cy\u0142y si\u0119 do ostatniego grupowego spotkania. Najwi\u0119cej sportowej charyzmy wykazuje dru\u017cyna LKS Kobylanka a szcz\u0119\u015bliwie awansuje do mecz\u00f3w p\u00f3\u0142fina\u0142owych LKS \u0141u\u017cna. <\/p>\n\n\n\n<p>W meczach p\u00f3\u0142fina\u0142owych \u0141u\u017cna pokonuje dobrze graj\u0105cych zawodnik\u00f3w z S\u0119kowej. Zaci\u0119ty drugi p\u00f3\u0142fina\u0142 wygrywa Kobylanka a Zag\u00f3rzany zagraj\u0105 o 3 miejsce z S\u0119kow\u0105.<\/p>\n\n\n\n<p>Mecz o 3 miejsce stoi na dobrym poziomie, Zag\u00f3rzany atakuj\u0105 a S\u0119kowa pokazuje jak dobrze i skutecznie si\u0119 broni\u0107. U zawodnik\u00f3w z S\u0119kowej zabrak\u0142o jednak zimnej krwi i utrzymania emocji na wodzy do ko\u0144ca spotkania. Po wykluczeniu dw\u00f3ch zawodnik\u00f3w za wybitnie niesportowe zachowania w samej ko\u0144c\u00f3wce meczu, Zag\u00f3rzany dopinaj\u0105 swego i strzelaj\u0105 zwyci\u0119sk\u0105 bramk\u0119. <\/p>\n\n\n\n<p>Mecz o pierwsze miejsce jest zaci\u0119tym, dobrym widowiskiem, jednak \u0141u\u017cna nie umie powstrzyma\u0107 w tym meczu Kobylanki i musi uzna\u0107 jej wy\u017cszo\u015b\u0107.<\/p>\n\n\n\n<p>LKS Kobylanka &#8211; zwyci\u0119zc\u0105 XVI turnieju pi\u0142ki halowej PPN Gorlice<\/p>\n\n\n\n<figure class=\"wp-block-image size-large\"><img loading=\"lazy\" decoding=\"async\" width=\"1024\" height=\"771\" src=\"https:\/\/podokreggorlice.pl\/wp-content\/uploads\/2025\/02\/WhatsApp-Image-2025-02-09-at-21.12.26-1024x771.jpeg\" alt=\"\" class=\"wp-image-2338\" srcset=\"https:\/\/podokreggorlice.pl\/wp-content\/uploads\/2025\/02\/WhatsApp-Image-2025-02-09-at-21.12.26-1024x771.jpeg 1024w, https:\/\/podokreggorlice.pl\/wp-content\/uploads\/2025\/02\/WhatsApp-Image-2025-02-09-at-21.12.26-300x226.jpeg 300w, https:\/\/podokreggorlice.pl\/wp-content\/uploads\/2025\/02\/WhatsApp-Image-2025-02-09-at-21.12.26-768x578.jpeg 768w, https:\/\/podokreggorlice.pl\/wp-content\/uploads\/2025\/02\/WhatsApp-Image-2025-02-09-at-21.12.26-1536x1156.jpeg 1536w, https:\/\/podokreggorlice.pl\/wp-content\/uploads\/2025\/02\/WhatsApp-Image-2025-02-09-at-21.12.26.jpeg 1600w\" sizes=\"auto, (max-width: 1024px) 100vw, 1024px\" \/><\/figure>\n\n\n\n<p>LKS \u0141u\u017cna miejsce II<\/p>\n\n\n\n<figure class=\"wp-block-image size-large\"><img loading=\"lazy\" decoding=\"async\" width=\"1024\" height=\"771\" src=\"https:\/\/podokreggorlice.pl\/wp-content\/uploads\/2025\/02\/WhatsApp-Image-2025-02-09-at-21.12.23-1024x771.jpeg\" alt=\"\" class=\"wp-image-2339\" srcset=\"https:\/\/podokreggorlice.pl\/wp-content\/uploads\/2025\/02\/WhatsApp-Image-2025-02-09-at-21.12.23-1024x771.jpeg 1024w, https:\/\/podokreggorlice.pl\/wp-content\/uploads\/2025\/02\/WhatsApp-Image-2025-02-09-at-21.12.23-300x226.jpeg 300w, https:\/\/podokreggorlice.pl\/wp-content\/uploads\/2025\/02\/WhatsApp-Image-2025-02-09-at-21.12.23-768x578.jpeg 768w, https:\/\/podokreggorlice.pl\/wp-content\/uploads\/2025\/02\/WhatsApp-Image-2025-02-09-at-21.12.23-1536x1156.jpeg 1536w, https:\/\/podokreggorlice.pl\/wp-content\/uploads\/2025\/02\/WhatsApp-Image-2025-02-09-at-21.12.23.jpeg 1600w\" sizes=\"auto, (max-width: 1024px) 100vw, 1024px\" \/><\/figure>\n\n\n\n<p>LKS Zag\u00f3rzny miejsce III<\/p>\n\n\n\n<figure class=\"wp-block-image size-large\"><img loading=\"lazy\" decoding=\"async\" width=\"1024\" height=\"771\" src=\"https:\/\/podokreggorlice.pl\/wp-content\/uploads\/2025\/02\/WhatsApp-Image-2025-02-09-at-21.12.26-1-1024x771.jpeg\" alt=\"\" class=\"wp-image-2340\" srcset=\"https:\/\/podokreggorlice.pl\/wp-content\/uploads\/2025\/02\/WhatsApp-Image-2025-02-09-at-21.12.26-1-1024x771.jpeg 1024w, https:\/\/podokreggorlice.pl\/wp-content\/uploads\/2025\/02\/WhatsApp-Image-2025-02-09-at-21.12.26-1-300x226.jpeg 300w, https:\/\/podokreggorlice.pl\/wp-content\/uploads\/2025\/02\/WhatsApp-Image-2025-02-09-at-21.12.26-1-768x578.jpeg 768w, https:\/\/podokreggorlice.pl\/wp-content\/uploads\/2025\/02\/WhatsApp-Image-2025-02-09-at-21.12.26-1-1536x1156.jpeg 1536w, https:\/\/podokreggorlice.pl\/wp-content\/uploads\/2025\/02\/WhatsApp-Image-2025-02-09-at-21.12.26-1.jpeg 1600w\" sizes=\"auto, (max-width: 1024px) 100vw, 1024px\" \/><\/figure>\n\n\n\n<p>LKS S\u0119kowa miejsce IV<\/p>\n\n\n\n<figure class=\"wp-block-gallery has-nested-images columns-default is-cropped wp-block-gallery-1 is-layout-flex wp-block-gallery-is-layout-flex\">\n<figure class=\"wp-block-image size-large\"><img loading=\"lazy\" decoding=\"async\" width=\"1024\" height=\"771\" data-id=\"2341\" src=\"https:\/\/podokreggorlice.pl\/wp-content\/uploads\/2025\/02\/WhatsApp-Image-2025-02-09-at-21.12.28-1024x771.jpeg\" alt=\"\" class=\"wp-image-2341\" srcset=\"https:\/\/podokreggorlice.pl\/wp-content\/uploads\/2025\/02\/WhatsApp-Image-2025-02-09-at-21.12.28-1024x771.jpeg 1024w, https:\/\/podokreggorlice.pl\/wp-content\/uploads\/2025\/02\/WhatsApp-Image-2025-02-09-at-21.12.28-300x226.jpeg 300w, https:\/\/podokreggorlice.pl\/wp-content\/uploads\/2025\/02\/WhatsApp-Image-2025-02-09-at-21.12.28-768x578.jpeg 768w, https:\/\/podokreggorlice.pl\/wp-content\/uploads\/2025\/02\/WhatsApp-Image-2025-02-09-at-21.12.28-1536x1156.jpeg 1536w, https:\/\/podokreggorlice.pl\/wp-content\/uploads\/2025\/02\/WhatsApp-Image-2025-02-09-at-21.12.28.jpeg 1600w\" sizes=\"auto, (max-width: 1024px) 100vw, 1024px\" \/><\/figure>\n<\/figure>\n\n\n\n<p>Bramkarz turnieju &#8211; Mateusz Nowak &#8211; LKS Kobylanka<\/p>\n\n\n\n<figure class=\"wp-block-gallery has-nested-images columns-default is-cropped wp-block-gallery-2 is-layout-flex wp-block-gallery-is-layout-flex\">\n<figure class=\"wp-block-image size-large\"><img loading=\"lazy\" decoding=\"async\" width=\"656\" height=\"1024\" data-id=\"2343\" src=\"https:\/\/podokreggorlice.pl\/wp-content\/uploads\/2025\/02\/37df42c7-20b3-41ab-a0a6-6013d9bef0e5-656x1024.jpg\" alt=\"\" class=\"wp-image-2343\" srcset=\"https:\/\/podokreggorlice.pl\/wp-content\/uploads\/2025\/02\/37df42c7-20b3-41ab-a0a6-6013d9bef0e5-656x1024.jpg 656w, https:\/\/podokreggorlice.pl\/wp-content\/uploads\/2025\/02\/37df42c7-20b3-41ab-a0a6-6013d9bef0e5-192x300.jpg 192w, https:\/\/podokreggorlice.pl\/wp-content\/uploads\/2025\/02\/37df42c7-20b3-41ab-a0a6-6013d9bef0e5-768x1198.jpg 768w, https:\/\/podokreggorlice.pl\/wp-content\/uploads\/2025\/02\/37df42c7-20b3-41ab-a0a6-6013d9bef0e5-984x1536.jpg 984w, https:\/\/podokreggorlice.pl\/wp-content\/uploads\/2025\/02\/37df42c7-20b3-41ab-a0a6-6013d9bef0e5.jpg 1258w\" sizes=\"auto, (max-width: 656px) 100vw, 656px\" \/><\/figure>\n<\/figure>\n\n\n\n<p>Najskuteczniejszy zawodnik &#8211; Dawid Rybak &#8211; LKS \u0141u\u017cna<\/p>\n\n\n\n<figure class=\"wp-block-gallery has-nested-images columns-default is-cropped wp-block-gallery-3 is-layout-flex wp-block-gallery-is-layout-flex\">\n<figure class=\"wp-block-image size-large\"><img loading=\"lazy\" decoding=\"async\" width=\"709\" height=\"1024\" data-id=\"2345\" src=\"https:\/\/podokreggorlice.pl\/wp-content\/uploads\/2025\/02\/beac4218-4cfd-4a3f-83eb-244b5d39c2ff-709x1024.jpg\" alt=\"\" class=\"wp-image-2345\" srcset=\"https:\/\/podokreggorlice.pl\/wp-content\/uploads\/2025\/02\/beac4218-4cfd-4a3f-83eb-244b5d39c2ff-709x1024.jpg 709w, https:\/\/podokreggorlice.pl\/wp-content\/uploads\/2025\/02\/beac4218-4cfd-4a3f-83eb-244b5d39c2ff-208x300.jpg 208w, https:\/\/podokreggorlice.pl\/wp-content\/uploads\/2025\/02\/beac4218-4cfd-4a3f-83eb-244b5d39c2ff-768x1109.jpg 768w, https:\/\/podokreggorlice.pl\/wp-content\/uploads\/2025\/02\/beac4218-4cfd-4a3f-83eb-244b5d39c2ff-1064x1536.jpg 1064w, https:\/\/podokreggorlice.pl\/wp-content\/uploads\/2025\/02\/beac4218-4cfd-4a3f-83eb-244b5d39c2ff.jpg 1255w\" sizes=\"auto, (max-width: 709px) 100vw, 709px\" \/><\/figure>\n<\/figure>\n\n\n\n<p>Zawodnik turnieju &#8211; Maksymilian Firlit <\/p>\n\n\n\n<figure class=\"wp-block-gallery has-nested-images columns-default is-cropped wp-block-gallery-4 is-layout-flex wp-block-gallery-is-layout-flex\">\n<figure class=\"wp-block-image size-large\"><img loading=\"lazy\" decoding=\"async\" width=\"702\" height=\"1024\" data-id=\"2346\" src=\"https:\/\/podokreggorlice.pl\/wp-content\/uploads\/2025\/02\/c5926ec1-f0ea-495d-85c0-ec6529720b3b-702x1024.jpg\" alt=\"\" class=\"wp-image-2346\" srcset=\"https:\/\/podokreggorlice.pl\/wp-content\/uploads\/2025\/02\/c5926ec1-f0ea-495d-85c0-ec6529720b3b-702x1024.jpg 702w, https:\/\/podokreggorlice.pl\/wp-content\/uploads\/2025\/02\/c5926ec1-f0ea-495d-85c0-ec6529720b3b-206x300.jpg 206w, https:\/\/podokreggorlice.pl\/wp-content\/uploads\/2025\/02\/c5926ec1-f0ea-495d-85c0-ec6529720b3b-768x1120.jpg 768w, https:\/\/podokreggorlice.pl\/wp-content\/uploads\/2025\/02\/c5926ec1-f0ea-495d-85c0-ec6529720b3b.jpg 985w\" sizes=\"auto, (max-width: 702px) 100vw, 702px\" \/><\/figure>\n<\/figure>\n\n\n\n<p><\/p>\n","protected":false},"excerpt":{"rendered":"<p>Do sporej niespodzianki dosz\u0142o w turnieju halowej pi\u0142ki no\u017cnej organizowanej przez Ma\u0142opolski Zwi\u0105zek Pi\u0142ki No\u017cnej &#8211; Podokr\u0119g Gorlice. W niedziele 9 lutego 2025 roku do turnieju zg\u0142osi\u0142o si\u0119 10 klub\u00f3w. Ju\u017c w fazie grupowej po pierwszych meczach obro\u0144ca tytu\u0142u LKS U\u015bcie Gorlickie nie wykazuje poziomu sportowego z ubieg\u0142ych dw\u00f3ch lat gdy triumfowa\u0142 i nie udaje &hellip; <\/p>\n<p class=\"link-more\"><a href=\"https:\/\/podokreggorlice.pl\/index.php\/2025\/02\/10\/xvi-mistrzostwa-pilki-halowej-ppn-gorlice-dla-lks-kobylanka\/\" class=\"more-link\">Read More<span class=\"screen-reader-text\"> &#8222;XVI mistrzostwa pi\u0142ki halowej PPN Gorlice dla LKS Kobylanka&#8221;<\/span><\/a><\/p>\n","protected":false},"author":12,"featured_media":2337,"comment_status":"open","ping_status":"open","sticky":false,"template":"","format":"standard","meta":{"footnotes":""},"categories":[17],"tags":[],"class_list":["post-2336","post","type-post","status-publish","format-standard","has-post-thumbnail","hentry","category-aktualnosci"],"_links":{"self":[{"href":"https:\/\/podokreggorlice.pl\/index.php\/wp-json\/wp\/v2\/posts\/2336","targetHints":{"allow":["GET"]}}],"collection":[{"href":"https:\/\/podokreggorlice.pl\/index.php\/wp-json\/wp\/v2\/posts"}],"about":[{"href":"https:\/\/podokreggorlice.pl\/index.php\/wp-json\/wp\/v2\/types\/post"}],"author":[{"embeddable":true,"href":"https:\/\/podokreggorlice.pl\/index.php\/wp-json\/wp\/v2\/users\/12"}],"replies":[{"embeddable":true,"href":"https:\/\/podokreggorlice.pl\/index.php\/wp-json\/wp\/v2\/comments?post=2336"}],"version-history":[{"count":3,"href":"https:\/\/podokreggorlice.pl\/index.php\/wp-json\/wp\/v2\/posts\/2336\/revisions"}],"predecessor-version":[{"id":2347,"href":"https:\/\/podokreggorlice.pl\/index.php\/wp-json\/wp\/v2\/posts\/2336\/revisions\/2347"}],"wp:featuredmedia":[{"embeddable":true,"href":"https:\/\/podokreggorlice.pl\/index.php\/wp-json\/wp\/v2\/media\/2337"}],"wp:attachment":[{"href":"https:\/\/podokreggorlice.pl\/index.php\/wp-json\/wp\/v2\/media?parent=2336"}],"wp:term":[{"taxonomy":"category","embeddable":true,"href":"https:\/\/podokreggorlice.pl\/index.php\/wp-json\/wp\/v2\/categories?post=2336"},{"taxonomy":"post_tag","embeddable":true,"href":"https:\/\/podokreggorlice.pl\/index.php\/wp-json\/wp\/v2\/tags?post=2336"}],"curies":[{"name":"wp","href":"https:\/\/api.w.org\/{rel}","templated":true}]}}