{"id":2000,"date":"2024-07-14T20:54:26","date_gmt":"2024-07-14T19:54:26","guid":{"rendered":"https:\/\/podokreggorlice.pl\/?p=2000"},"modified":"2024-07-14T20:54:26","modified_gmt":"2024-07-14T19:54:26","slug":"zgloszenie-druzyn-do-regionalnej-ligi-trampkarzy-i-mlodzikow","status":"publish","type":"post","link":"https:\/\/podokreggorlice.pl\/index.php\/2024\/07\/14\/zgloszenie-druzyn-do-regionalnej-ligi-trampkarzy-i-mlodzikow\/","title":{"rendered":"Zg\u0142oszenie dru\u017cyn do Regionalnej Ligi Trampkarzy i M\u0142odzik\u00f3w."},"content":{"rendered":"\n<p>\u00a0Z racji tego \u017ce naszemu Podokr\u0119gowi przypad\u0142o prowadzenie rozgrywek w Regionalnej Lidze Trampkarzy oraz M\u0142odzik\u00f3w w rundzie jesiennej sezonu rozgrywkowego 2024\/2025r. zwracamy si\u0119 z pro\u015bb\u0105 aby kluby z Podokr\u0119gu Nowy S\u0105cz , LPPN w Limanowej oraz PPPN W Nowym Targu zg\u0142asza\u0142y swoje dru\u017cyny na adres gorlickiego podokr\u0119gu tj:\u00a0\u00a0<a href=\"mailto:ppngorlice@wp.pl\" target=\"_blank\" rel=\"noreferrer noopener\">ppngorlice@wp.pl<\/a><\/p>\n\n\n\n<p>&nbsp;&nbsp;&nbsp;&nbsp;&nbsp;&nbsp;&nbsp;&nbsp;&nbsp;&nbsp;&nbsp;&nbsp;&nbsp;&nbsp;&nbsp;&nbsp; Ze sportowym pozdrowieniem<\/p>\n\n\n\n<p>&nbsp;&nbsp;&nbsp;&nbsp;&nbsp;&nbsp;&nbsp;&nbsp;&nbsp;&nbsp;&nbsp;&nbsp;&nbsp;&nbsp;&nbsp;&nbsp; Przewodnicz\u0105cy W\/G&nbsp; PPN Gorlice<\/p>\n\n\n\n<p>&nbsp;&nbsp;&nbsp;&nbsp;&nbsp;&nbsp;&nbsp;&nbsp;&nbsp;&nbsp;&nbsp;&nbsp;&nbsp;&nbsp;&nbsp;&nbsp; Kazimierz Szura<\/p>\n","protected":false},"excerpt":{"rendered":"<p>\u00a0Z racji tego \u017ce naszemu Podokr\u0119gowi przypad\u0142o prowadzenie rozgrywek w Regionalnej Lidze Trampkarzy oraz M\u0142odzik\u00f3w w rundzie jesiennej sezonu rozgrywkowego 2024\/2025r. zwracamy si\u0119 z pro\u015bb\u0105 aby kluby z Podokr\u0119gu Nowy S\u0105cz , LPPN w Limanowej oraz PPPN W Nowym Targu zg\u0142asza\u0142y swoje dru\u017cyny na adres gorlickiego podokr\u0119gu tj:\u00a0\u00a0ppngorlice@wp.pl &nbsp;&nbsp;&nbsp;&nbsp;&nbsp;&nbsp;&nbsp;&nbsp;&nbsp;&nbsp;&nbsp;&nbsp;&nbsp;&nbsp;&nbsp;&nbsp; Ze sportowym pozdrowieniem &nbsp;&nbsp;&nbsp;&nbsp;&nbsp;&nbsp;&nbsp;&nbsp;&nbsp;&nbsp;&nbsp;&nbsp;&nbsp;&nbsp;&nbsp;&nbsp; Przewodnicz\u0105cy W\/G&nbsp; &hellip; <\/p>\n<p class=\"link-more\"><a href=\"https:\/\/podokreggorlice.pl\/index.php\/2024\/07\/14\/zgloszenie-druzyn-do-regionalnej-ligi-trampkarzy-i-mlodzikow\/\" class=\"more-link\">Read More<span class=\"screen-reader-text\"> &#8222;Zg\u0142oszenie dru\u017cyn do Regionalnej Ligi Trampkarzy i M\u0142odzik\u00f3w.&#8221;<\/span><\/a><\/p>\n","protected":false},"author":12,"featured_media":2001,"comment_status":"open","ping_status":"open","sticky":false,"template":"","format":"standard","meta":{"footnotes":""},"categories":[17],"tags":[],"class_list":["post-2000","post","type-post","status-publish","format-standard","has-post-thumbnail","hentry","category-aktualnosci"],"_links":{"self":[{"href":"https:\/\/podokreggorlice.pl\/index.php\/wp-json\/wp\/v2\/posts\/2000","targetHints":{"allow":["GET"]}}],"collection":[{"href":"https:\/\/podokreggorlice.pl\/index.php\/wp-json\/wp\/v2\/posts"}],"about":[{"href":"https:\/\/podokreggorlice.pl\/index.php\/wp-json\/wp\/v2\/types\/post"}],"author":[{"embeddable":true,"href":"https:\/\/podokreggorlice.pl\/index.php\/wp-json\/wp\/v2\/users\/12"}],"replies":[{"embeddable":true,"href":"https:\/\/podokreggorlice.pl\/index.php\/wp-json\/wp\/v2\/comments?post=2000"}],"version-history":[{"count":1,"href":"https:\/\/podokreggorlice.pl\/index.php\/wp-json\/wp\/v2\/posts\/2000\/revisions"}],"predecessor-version":[{"id":2002,"href":"https:\/\/podokreggorlice.pl\/index.php\/wp-json\/wp\/v2\/posts\/2000\/revisions\/2002"}],"wp:featuredmedia":[{"embeddable":true,"href":"https:\/\/podokreggorlice.pl\/index.php\/wp-json\/wp\/v2\/media\/2001"}],"wp:attachment":[{"href":"https:\/\/podokreggorlice.pl\/index.php\/wp-json\/wp\/v2\/media?parent=2000"}],"wp:term":[{"taxonomy":"category","embeddable":true,"href":"https:\/\/podokreggorlice.pl\/index.php\/wp-json\/wp\/v2\/categories?post=2000"},{"taxonomy":"post_tag","embeddable":true,"href":"https:\/\/podokreggorlice.pl\/index.php\/wp-json\/wp\/v2\/tags?post=2000"}],"curies":[{"name":"wp","href":"https:\/\/api.w.org\/{rel}","templated":true}]}}